{"id":133,"date":"2025-02-05T18:56:00","date_gmt":"2025-02-05T17:56:00","guid":{"rendered":"https:\/\/xxxvicongreso.ceet.org.es\/?p=133"},"modified":"2025-03-19T12:37:22","modified_gmt":"2025-03-19T11:37:22","slug":"barcelona-y-las-telecomunicaciones-una-marca-que-nos-conecta","status":"publish","type":"post","link":"https:\/\/expotic.ceet.org.es\/cat\/barcelona-y-las-telecomunicaciones-una-marca-que-nos-conecta\/","title":{"rendered":"Barcelona i les Telecomunicacions: Una Marca que Ens Connecta"},"content":{"rendered":"<p>Ens complau anunciar que el <strong>VI Congreso de Estudiantes de Telecomunicaciones<\/strong>&nbsp;I l' <strong>ExpoTIC<\/strong>&nbsp;ja tenen identitat visual. La marca que representar\u00e0 aquests dos grans esdeveniments no nom\u00e9s reflecteix l'ess\u00e8ncia de les telecomunicacions, sin\u00f3 tamb\u00e9 la identitat de Barcelona, la ciutat amfitriona.<\/p>\n\n\n\n<!--more-->\n\n\n\n<div class=\"wp-block-columns is-layout-flex wp-container-core-columns-is-layout-28f84493 wp-block-columns-is-layout-flex\">\n<div class=\"wp-block-column is-layout-flow wp-block-column-is-layout-flow\">\n<figure class=\"wp-block-image aligncenter size-medium\"><img loading=\"lazy\" decoding=\"async\" width=\"188\" height=\"300\" src=\"https:\/\/xxxvicongreso.ceet.org.es\/wp-content\/uploads\/2025\/02\/expotic-azul-naranja-188x300.png\" alt=\"\" class=\"wp-image-42\" srcset=\"https:\/\/expotic.ceet.org.es\/wp-content\/uploads\/2025\/02\/expotic-azul-naranja-188x300.png 188w, https:\/\/expotic.ceet.org.es\/wp-content\/uploads\/2025\/02\/expotic-azul-naranja-640x1024.png 640w, https:\/\/expotic.ceet.org.es\/wp-content\/uploads\/2025\/02\/expotic-azul-naranja-768x1229.png 768w, https:\/\/expotic.ceet.org.es\/wp-content\/uploads\/2025\/02\/expotic-azul-naranja-960x1536.png 960w, https:\/\/expotic.ceet.org.es\/wp-content\/uploads\/2025\/02\/expotic-azul-naranja-1280x2048.png 1280w\" sizes=\"auto, (max-width: 188px) 100vw, 188px\" \/><\/figure>\n<\/div>\n\n\n\n<div class=\"wp-block-column is-layout-flow wp-block-column-is-layout-flow\">\n<figure class=\"wp-block-image aligncenter size-medium\"><img loading=\"lazy\" decoding=\"async\" width=\"240\" height=\"300\" src=\"https:\/\/xxxvicongreso.ceet.org.es\/wp-content\/uploads\/2025\/02\/congreso-azul-naranja-240x300.png\" alt=\"\" class=\"wp-image-52\" srcset=\"https:\/\/expotic.ceet.org.es\/wp-content\/uploads\/2025\/02\/congreso-azul-naranja-240x300.png 240w, https:\/\/expotic.ceet.org.es\/wp-content\/uploads\/2025\/02\/congreso-azul-naranja-819x1024.png 819w, https:\/\/expotic.ceet.org.es\/wp-content\/uploads\/2025\/02\/congreso-azul-naranja-768x960.png 768w, https:\/\/expotic.ceet.org.es\/wp-content\/uploads\/2025\/02\/congreso-azul-naranja-1229x1536.png 1229w, https:\/\/expotic.ceet.org.es\/wp-content\/uploads\/2025\/02\/congreso-azul-naranja-1639x2048.png 1639w\" sizes=\"auto, (max-width: 240px) 100vw, 240px\" \/><\/figure>\n<\/div>\n<\/div>\n\n\n\n<p class=\"is-style-text-subtitle is-style-text-subtitle--1\">Un Congr\u00e9s amb Hist\u00f2ria i Simbologia<\/p>\n\n\n\n<p>El logotip del Congr\u00e9s est\u00e0 inspirat en l'emblem\u00e0tic <strong>Panot de Barcelona<\/strong>un s\u00edmbol que decora els carrers de la ciutat. En el nostre disseny, cadascun dels seus semicercs representa una de les diferents branques de les telecomunicacions, ressaltant la diversitat i la uni\u00f3 dins del sector.<\/p>\n\n\n\n<div class=\"wp-block-columns is-layout-flex wp-container-core-columns-is-layout-28f84493 wp-block-columns-is-layout-flex\">\n<div class=\"wp-block-column is-layout-flow wp-block-column-is-layout-flow\">\n<figure class=\"wp-block-image aligncenter size-large\"><img loading=\"lazy\" decoding=\"async\" width=\"1024\" height=\"599\" src=\"https:\/\/xxxvicongreso.ceet.org.es\/wp-content\/uploads\/2025\/03\/panot-barcelona-1024x599.jpg\" alt=\"\" class=\"wp-image-135\" srcset=\"https:\/\/expotic.ceet.org.es\/wp-content\/uploads\/2025\/03\/panot-barcelona-1024x599.jpg 1024w, https:\/\/expotic.ceet.org.es\/wp-content\/uploads\/2025\/03\/panot-barcelona-300x175.jpg 300w, https:\/\/expotic.ceet.org.es\/wp-content\/uploads\/2025\/03\/panot-barcelona-768x449.jpg 768w, https:\/\/expotic.ceet.org.es\/wp-content\/uploads\/2025\/03\/panot-barcelona.jpg 1368w\" sizes=\"auto, (max-width: 1024px) 100vw, 1024px\" \/><\/figure>\n<\/div>\n\n\n\n<div class=\"wp-block-column is-vertically-aligned-center is-layout-flow wp-block-column-is-layout-flow\">\n<figure class=\"wp-block-image aligncenter size-medium\"><img loading=\"lazy\" decoding=\"async\" width=\"240\" height=\"300\" src=\"https:\/\/xxxvicongreso.ceet.org.es\/wp-content\/uploads\/2025\/02\/congreso-azul-naranja-240x300.png\" alt=\"\" class=\"wp-image-52\" srcset=\"https:\/\/expotic.ceet.org.es\/wp-content\/uploads\/2025\/02\/congreso-azul-naranja-240x300.png 240w, https:\/\/expotic.ceet.org.es\/wp-content\/uploads\/2025\/02\/congreso-azul-naranja-819x1024.png 819w, https:\/\/expotic.ceet.org.es\/wp-content\/uploads\/2025\/02\/congreso-azul-naranja-768x960.png 768w, https:\/\/expotic.ceet.org.es\/wp-content\/uploads\/2025\/02\/congreso-azul-naranja-1229x1536.png 1229w, https:\/\/expotic.ceet.org.es\/wp-content\/uploads\/2025\/02\/congreso-azul-naranja-1639x2048.png 1639w\" sizes=\"auto, (max-width: 240px) 100vw, 240px\" \/><\/figure>\n<\/div>\n<\/div>\n\n\n\n<p class=\"is-style-text-subtitle is-style-text-subtitle--2\">ExpoTIC: Tecnologia amb Segell Barcelon\u00ed<\/p>\n\n\n\n<p>Per la seva banda, el logotip de l' <strong>ExpoTIC<\/strong>&nbsp;s'inspira en la ic\u00f2nica <strong>Sagrada Familia<\/strong>, representant-la com una gran antena. Aquest disseny simbolitza la connexi\u00f3 entre la ciutat i la tecnologia, reflectint el paper de Barcelona com a hub d'innovaci\u00f3 en telecomunicacions.<\/p>\n\n\n\n<div class=\"wp-block-columns is-layout-flex wp-container-core-columns-is-layout-28f84493 wp-block-columns-is-layout-flex\">\n<div class=\"wp-block-column is-layout-flow wp-block-column-is-layout-flow\">\n<figure class=\"wp-block-image size-large\"><img loading=\"lazy\" decoding=\"async\" width=\"1024\" height=\"683\" src=\"https:\/\/xxxvicongreso.ceet.org.es\/wp-content\/uploads\/2025\/03\/sagrada-familia-1024x683.webp\" alt=\"\" class=\"wp-image-136\" srcset=\"https:\/\/expotic.ceet.org.es\/wp-content\/uploads\/2025\/03\/sagrada-familia-1024x683.webp 1024w, https:\/\/expotic.ceet.org.es\/wp-content\/uploads\/2025\/03\/sagrada-familia-300x200.webp 300w, https:\/\/expotic.ceet.org.es\/wp-content\/uploads\/2025\/03\/sagrada-familia-768x513.webp 768w, https:\/\/expotic.ceet.org.es\/wp-content\/uploads\/2025\/03\/sagrada-familia.webp 1500w\" sizes=\"auto, (max-width: 1024px) 100vw, 1024px\" \/><\/figure>\n<\/div>\n\n\n\n<div class=\"wp-block-column is-vertically-aligned-center is-layout-flow wp-block-column-is-layout-flow\">\n<figure class=\"wp-block-image aligncenter size-medium\"><img loading=\"lazy\" decoding=\"async\" width=\"188\" height=\"300\" src=\"https:\/\/xxxvicongreso.ceet.org.es\/wp-content\/uploads\/2025\/02\/expotic-azul-naranja-188x300.png\" alt=\"\" class=\"wp-image-42\" style=\"object-fit:cover\" srcset=\"https:\/\/expotic.ceet.org.es\/wp-content\/uploads\/2025\/02\/expotic-azul-naranja-188x300.png 188w, https:\/\/expotic.ceet.org.es\/wp-content\/uploads\/2025\/02\/expotic-azul-naranja-640x1024.png 640w, https:\/\/expotic.ceet.org.es\/wp-content\/uploads\/2025\/02\/expotic-azul-naranja-768x1229.png 768w, https:\/\/expotic.ceet.org.es\/wp-content\/uploads\/2025\/02\/expotic-azul-naranja-960x1536.png 960w, https:\/\/expotic.ceet.org.es\/wp-content\/uploads\/2025\/02\/expotic-azul-naranja-1280x2048.png 1280w\" sizes=\"auto, (max-width: 188px) 100vw, 188px\" \/><\/figure>\n<\/div>\n<\/div>\n\n\n\n<p class=\"is-style-text-subtitle is-style-text-subtitle--3\">Colors que Expliquen una Hist\u00f2ria<\/p>\n\n\n\n<p class=\"is-style-default\">Ambd\u00f3s logotips comparteixen una paleta de colors basada en el <strong>taronja i blau<\/strong>, evocant el mar i la muntanya que emmarquen Barcelona. Aquesta combinaci\u00f3 no nom\u00e9s refor\u00e7a la identitat local, sin\u00f3 que tamb\u00e9 transmet dinamisme, innovaci\u00f3 i proximitat.<\/p>\n\n\n\n<figure class=\"wp-block-image alignwide size-full\"><img loading=\"lazy\" decoding=\"async\" width=\"1000\" height=\"315\" src=\"https:\/\/xxxvicongreso.ceet.org.es\/wp-content\/uploads\/2025\/03\/barcelona-paisaje-e1742381713726.jpg\" alt=\"\" class=\"wp-image-137\" srcset=\"https:\/\/expotic.ceet.org.es\/wp-content\/uploads\/2025\/03\/barcelona-paisaje-e1742381713726.jpg 1000w, https:\/\/expotic.ceet.org.es\/wp-content\/uploads\/2025\/03\/barcelona-paisaje-e1742381713726-300x95.jpg 300w, https:\/\/expotic.ceet.org.es\/wp-content\/uploads\/2025\/03\/barcelona-paisaje-e1742381713726-768x242.jpg 768w\" sizes=\"auto, (max-width: 1000px) 100vw, 1000px\" \/><\/figure>\n\n\n\n<p>Amb aquesta identitat visual, volem destacar el paper clau de les telecomunicacions en la nostra societat i la seva connexi\u00f3 amb Barcelona, una ciutat vibrant i plena d'oportunitats per al sector.<\/p>\n\n\n\n<p>Esperem que us agradi tant com a nosaltres! Ens veiem al Congr\u00e9s i a l'ExpoTIC.<\/p>","protected":false},"excerpt":{"rendered":"<p>Ens complau anunciar que el VI Congr\u00e9s d'Estudiants de Telecomunicacions i l'ExpoTIC ja tenen identitat visual. La marca que representar\u00e0 aquests dos grans esdeveniments no nom\u00e9s reflecteix l'ess\u00e8ncia de les telecomunicacions, sin\u00f3 tamb\u00e9 la identitat de Barcelona, la ciutat amfitriona.<\/p>","protected":false},"author":1,"featured_media":52,"comment_status":"open","ping_status":"open","sticky":false,"template":"","format":"standard","meta":{"footnotes":""},"categories":[5],"tags":[],"class_list":["post-133","post","type-post","status-publish","format-standard","has-post-thumbnail","hentry","category-novedades"],"_links":{"self":[{"href":"https:\/\/expotic.ceet.org.es\/cat\/wp-json\/wp\/v2\/posts\/133","targetHints":{"allow":["GET"]}}],"collection":[{"href":"https:\/\/expotic.ceet.org.es\/cat\/wp-json\/wp\/v2\/posts"}],"about":[{"href":"https:\/\/expotic.ceet.org.es\/cat\/wp-json\/wp\/v2\/types\/post"}],"author":[{"embeddable":true,"href":"https:\/\/expotic.ceet.org.es\/cat\/wp-json\/wp\/v2\/users\/1"}],"replies":[{"embeddable":true,"href":"https:\/\/expotic.ceet.org.es\/cat\/wp-json\/wp\/v2\/comments?post=133"}],"version-history":[{"count":4,"href":"https:\/\/expotic.ceet.org.es\/cat\/wp-json\/wp\/v2\/posts\/133\/revisions"}],"predecessor-version":[{"id":149,"href":"https:\/\/expotic.ceet.org.es\/cat\/wp-json\/wp\/v2\/posts\/133\/revisions\/149"}],"wp:featuredmedia":[{"embeddable":true,"href":"https:\/\/expotic.ceet.org.es\/cat\/wp-json\/wp\/v2\/media\/52"}],"wp:attachment":[{"href":"https:\/\/expotic.ceet.org.es\/cat\/wp-json\/wp\/v2\/media?parent=133"}],"wp:term":[{"taxonomy":"category","embeddable":true,"href":"https:\/\/expotic.ceet.org.es\/cat\/wp-json\/wp\/v2\/categories?post=133"},{"taxonomy":"post_tag","embeddable":true,"href":"https:\/\/expotic.ceet.org.es\/cat\/wp-json\/wp\/v2\/tags?post=133"}],"curies":[{"name":"wp","href":"https:\/\/api.w.org\/{rel}","templated":true}]}}