{"id":143,"date":"2025-01-20T12:18:00","date_gmt":"2025-01-20T11:18:00","guid":{"rendered":"https:\/\/xxxvicongreso.ceet.org.es\/?p=143"},"modified":"2025-03-19T12:37:45","modified_gmt":"2025-03-19T11:37:45","slug":"fechas-confirmadas-reserva-tu-agenda-para-el-xxxvi-congreso-de-estudiantes-de-telecomunicaciones-y-expotic","status":"publish","type":"post","link":"https:\/\/expotic.ceet.org.es\/cat\/fechas-confirmadas-reserva-tu-agenda-para-el-xxxvi-congreso-de-estudiantes-de-telecomunicaciones-y-expotic\/","title":{"rendered":"Dates Confirmades! Reserva la teva Agenda pel XXXVI Congr\u00e9s d'Estudiants de Telecomunicacions i ExpoTIC"},"content":{"rendered":"<p>Ens complau anunciar que les dates oficials per al <strong>VI Congreso de Estudiantes de Telecomunicaciones<\/strong>&nbsp;i <strong>ExpoTIC<\/strong>&nbsp;ja han estat confirmades. \u00c9s moment de marcar aquests dies al teu calendari i preparar-te per a una experi\u00e8ncia \u00fanica en el m\u00f3n de les telecomunicacions!<\/p>\n\n\n\n<!--more-->\n\n\n\n<p class=\"is-style-text-subtitle is-style-text-subtitle--1\">Quan i on se celebrar\u00e0?<\/p>\n\n\n\n<p>El Congr\u00e9s tindr\u00e0 lloc del <strong>15 al 20 de setembre de 2025<\/strong>, mentre que l'ExpoTIC se celebrar\u00e0 el <strong>dimecres, 17 de setembre de 2025<\/strong>. Ambd\u00f3s esdeveniments tindran lloc a <strong>l&#8217;Escola T\u00e8cnica Superior d&#8217;Enginyeria de Telecomunicacions de Barcelona (ETSETB)<\/strong>. La ubicaci\u00f3 exacta es confirmar\u00e0 m\u00e9s endavant.<\/p>\n\n\n\n<figure class=\"wp-block-image aligncenter size-large\"><img loading=\"lazy\" decoding=\"async\" width=\"1024\" height=\"298\" src=\"https:\/\/xxxvicongreso.ceet.org.es\/wp-content\/uploads\/2025\/03\/campus-nord-1024x298.jpeg\" alt=\"\" class=\"wp-image-146\" srcset=\"https:\/\/expotic.ceet.org.es\/wp-content\/uploads\/2025\/03\/campus-nord-1024x298.jpeg 1024w, https:\/\/expotic.ceet.org.es\/wp-content\/uploads\/2025\/03\/campus-nord-300x87.jpeg 300w, https:\/\/expotic.ceet.org.es\/wp-content\/uploads\/2025\/03\/campus-nord-768x223.jpeg 768w, https:\/\/expotic.ceet.org.es\/wp-content\/uploads\/2025\/03\/campus-nord-1536x446.jpeg 1536w, https:\/\/expotic.ceet.org.es\/wp-content\/uploads\/2025\/03\/campus-nord.jpeg 1593w\" sizes=\"auto, (max-width: 1024px) 100vw, 1024px\" \/><\/figure>\n\n\n\n<p class=\"is-style-text-subtitle is-style-text-subtitle--2\">Quan i com es va decidir?<\/p>\n\n\n\n<p>L'elecci\u00f3 de les dates es va fer durant <strong>l'Assemblea General Ordin\u00e0ria<\/strong>&nbsp;celebrada a la <strong>Universidad de Las Palmas de Gran Canaria (ULPGC)<\/strong>&nbsp;els dies <strong>11 i 12 de setembre de 2024<\/strong>En aquesta reuni\u00f3, els representants de totes les delegacions d'estudiants de telecomunicacions d'Espanya van votar <strong>unanimitat (24 vots a favor)<\/strong>&nbsp;per escollir la <strong>Delegaci\u00f3 d&#8217;Alumnes de Telecomunicacions (DAT) <\/strong>com a seu organitzadora d'ambd\u00f3s esdeveniments.<\/p>\n\n\n\n<figure class=\"wp-block-image aligncenter size-large\"><img decoding=\"async\" src=\"https:\/\/xxxvicongreso.ceet.org.es\/wp-content\/uploads\/2025\/03\/eleccion-socio-1024x683.jpg\" alt=\"\" class=\"wp-image-145\"\/><\/figure>\n\n\n\n<p class=\"is-style-text-subtitle is-style-text-subtitle--3\">Per qu\u00e8 no pots faltar?<\/p>\n\n\n\n<p>Aquest esdeveniment \u00e9s una oportunitat \u00fanica per connectar amb estudiants, professionals i empreses del sector. El Congr\u00e9s oferir\u00e0 pon\u00e8ncies, activitats formatives i l'Assemblea General Ordin\u00e0ria, mentre que l'ExpoTIC ser\u00e0 el punt de trobada amb les empreses m\u00e9s innovadores de telecomunicacions.<br><\/p>\n\n\n\n<p>Pr\u00f2ximament revelarem m\u00e9s detalls sobre l'agenda i les activitats que estem preparant. <strong>Mant\u00e9n-te atent a les nostres publicacions i ens veiem al Congr\u00e9s!<\/strong><\/p>\n\n\n\n<p><\/p>","protected":false},"excerpt":{"rendered":"<p>Ens complau anunciar que les dates oficials per al VI Congr\u00e9s d'Estudiants de Telecomunicacions i l'ExpoTIC ja han estat confirmades. \u00c9s moment de marcar aquests dies al teu calendari i preparar-te per a una experi\u00e8ncia \u00fanica en el m\u00f3n de les telecomunicacions!<\/p>","protected":false},"author":1,"featured_media":145,"comment_status":"open","ping_status":"open","sticky":false,"template":"","format":"standard","meta":{"footnotes":""},"categories":[1],"tags":[],"class_list":["post-143","post","type-post","status-publish","format-standard","has-post-thumbnail","hentry","category-blog"],"_links":{"self":[{"href":"https:\/\/expotic.ceet.org.es\/cat\/wp-json\/wp\/v2\/posts\/143","targetHints":{"allow":["GET"]}}],"collection":[{"href":"https:\/\/expotic.ceet.org.es\/cat\/wp-json\/wp\/v2\/posts"}],"about":[{"href":"https:\/\/expotic.ceet.org.es\/cat\/wp-json\/wp\/v2\/types\/post"}],"author":[{"embeddable":true,"href":"https:\/\/expotic.ceet.org.es\/cat\/wp-json\/wp\/v2\/users\/1"}],"replies":[{"embeddable":true,"href":"https:\/\/expotic.ceet.org.es\/cat\/wp-json\/wp\/v2\/comments?post=143"}],"version-history":[{"count":2,"href":"https:\/\/expotic.ceet.org.es\/cat\/wp-json\/wp\/v2\/posts\/143\/revisions"}],"predecessor-version":[{"id":151,"href":"https:\/\/expotic.ceet.org.es\/cat\/wp-json\/wp\/v2\/posts\/143\/revisions\/151"}],"wp:featuredmedia":[{"embeddable":true,"href":"https:\/\/expotic.ceet.org.es\/cat\/wp-json\/wp\/v2\/media\/145"}],"wp:attachment":[{"href":"https:\/\/expotic.ceet.org.es\/cat\/wp-json\/wp\/v2\/media?parent=143"}],"wp:term":[{"taxonomy":"category","embeddable":true,"href":"https:\/\/expotic.ceet.org.es\/cat\/wp-json\/wp\/v2\/categories?post=143"},{"taxonomy":"post_tag","embeddable":true,"href":"https:\/\/expotic.ceet.org.es\/cat\/wp-json\/wp\/v2\/tags?post=143"}],"curies":[{"name":"wp","href":"https:\/\/api.w.org\/{rel}","templated":true}]}}